{"id":3361,"date":"2023-06-19T14:46:43","date_gmt":"2023-06-19T12:46:43","guid":{"rendered":"https:\/\/www.canoe-ardeche.com\/descente-en-canoe-de-lardeche\/"},"modified":"2024-03-12T14:03:30","modified_gmt":"2024-03-12T13:03:30","slug":"ardeche-kanu-der-abstieg","status":"publish","type":"post","link":"https:\/\/www.canoe-ardeche.com\/de\/ardeche-kanu-der-abstieg\/","title":{"rendered":"Ard\u00e8che-Kanu \u2013 Der Abstieg"},"content":{"rendered":"<div class=\"fusion-fullwidth fullwidth-box fusion-builder-row-1 fusion-flex-container has-pattern-background has-mask-background nonhundred-percent-fullwidth non-hundred-percent-height-scrolling\" style=\"--awb-border-radius-top-left:0px;--awb-border-radius-top-right:0px;--awb-border-radius-bottom-right:0px;--awb-border-radius-bottom-left:0px;\" ><div class=\"fusion-builder-row fusion-row fusion-flex-align-items-flex-start\" style=\"max-width:1456px;margin-left: calc(-4% \/ 2 );margin-right: calc(-4% \/ 2 );\"><div class=\"fusion-layout-column fusion_builder_column fusion-builder-column-0 fusion_builder_column_1_1 1_1 fusion-flex-column\" style=\"--awb-bg-size:cover;--awb-width-large:100%;--awb-spacing-right-large:1.92%;--awb-spacing-left-large:1.92%;--awb-width-medium:100%;--awb-order-medium:0;--awb-spacing-right-medium:1.92%;--awb-spacing-left-medium:1.92%;--awb-width-small:100%;--awb-order-small:0;--awb-spacing-right-small:1.92%;--awb-spacing-left-small:1.92%;\"><div class=\"fusion-column-wrapper fusion-column-has-shadow fusion-flex-justify-content-flex-start fusion-content-layout-column\"><div class=\"fusion-title title fusion-title-1 fusion-sep-none fusion-title-text fusion-title-size-one\"><h1 class=\"title-heading-left\" style=\"margin:0;\"><p style=\"text-align: center;\">Kanuabfahrt der Ard\u00e8che: Ein unvergessliches Abenteuer<\/p><\/h1><\/div><div class=\"fusion-text fusion-text-1\"><p style=\"text-align: center;\">Wenn Sie auf der Suche nach einem <strong>unvergesslichen Erlebnis<\/strong> inmitten der Natur sind, ist die <a href=\"https:\/\/www.canoe-ardeche.com\/les-descentes-en-canoe\/\">Kanufahrt in der Ard\u00e8che<\/a> genau das Richtige f\u00fcr Sie. Eingebettet in die majest\u00e4tischen <strong>Gorges de l&#8217;Ard\u00e8che<\/strong> bietet dieses Kanuabenteuer atemberaubende Landschaften und adrenalingeladene Momente f\u00fcr Outdoor-Enthusiasten. Egal, ob Sie Anf\u00e4nger oder erfahrener Paddler sind, dieser Abstieg ist eine ideale M\u00f6glichkeit, die nat\u00fcrliche und wilde Sch\u00f6nheit der Ard\u00e8che zu entdecken.<\/p>\n<p style=\"text-align: center;\"><strong>Die Kanufahrt auf der Ard\u00e8che<\/strong> erm\u00f6glicht es Ihnen, die Region auf einzigartige und aufregende Weise zu entdecken. Genie\u00dfen Sie atemberaubende Ausblicke auf die spektakul\u00e4ren Klippen und das kristallklare Wasser des Flusses Ard\u00e8che. Ob Sie sich f\u00fcr einen Tagesausflug oder ein mehrt\u00e4giges Abenteuer entscheiden, dieses Erlebnis wird Ihnen garantiert unvergessliche Erinnerungen bescheren.<\/p>\n<\/div><div class=\"awb-gallery-wrapper awb-gallery-wrapper-1 button-span-no\" style=\"--more-btn-alignment:center;\"><div style=\"margin:-5px;--awb-bordersize:0px;\" class=\"fusion-gallery fusion-gallery-container fusion-grid-3 fusion-columns-total-3 fusion-gallery-layout-grid fusion-gallery-1\"><div style=\"padding:5px;\" class=\"fusion-grid-column fusion-gallery-column fusion-gallery-column-3 hover-type-none\"><div class=\"fusion-gallery-image\"><a href=\"https:\/\/www.canoe-ardeche.com\/wp-content\/uploads\/306727442_5729381293765049_2165083231562431006_n.jpg\" rel=\"noreferrer\" data-rel=\"iLightbox[gallery_image_1]\" class=\"fusion-lightbox\" target=\"_self\"><img decoding=\"async\" src=\"https:\/\/www.canoe-ardeche.com\/wp-content\/uploads\/306727442_5729381293765049_2165083231562431006_n.jpg\" data-orig-src=\"https:\/\/www.canoe-ardeche.com\/wp-content\/uploads\/306727442_5729381293765049_2165083231562431006_n.jpg\" width=\"2048\" height=\"1365\" alt=\"\" title=\"Descente en cano\u00eb de l&#8217;Ard\u00e8che\" aria-label=\"Descente en cano\u00eb de l&#8217;Ard\u00e8che\" class=\"lazyload img-responsive wp-image-3035\" srcset=\"data:image\/svg+xml,%3Csvg%20xmlns%3D%27http%3A%2F%2Fwww.w3.org%2F2000%2Fsvg%27%20width%3D%272048%27%20height%3D%271365%27%20viewBox%3D%270%200%202048%201365%27%3E%3Crect%20width%3D%272048%27%20height%3D%271365%27%20fill-opacity%3D%220%22%2F%3E%3C%2Fsvg%3E\" data-srcset=\"https:\/\/www.canoe-ardeche.com\/wp-content\/uploads\/306727442_5729381293765049_2165083231562431006_n-200x133.jpg 200w, https:\/\/www.canoe-ardeche.com\/wp-content\/uploads\/306727442_5729381293765049_2165083231562431006_n-400x267.jpg 400w, https:\/\/www.canoe-ardeche.com\/wp-content\/uploads\/306727442_5729381293765049_2165083231562431006_n-600x400.jpg 600w, https:\/\/www.canoe-ardeche.com\/wp-content\/uploads\/306727442_5729381293765049_2165083231562431006_n-800x533.jpg 800w, https:\/\/www.canoe-ardeche.com\/wp-content\/uploads\/306727442_5729381293765049_2165083231562431006_n-1200x800.jpg 1200w, https:\/\/www.canoe-ardeche.com\/wp-content\/uploads\/306727442_5729381293765049_2165083231562431006_n.jpg 2048w\" data-sizes=\"auto\" data-orig-sizes=\"(min-width: 2200px) 100vw, (min-width: 784px) 463px, (min-width: 712px) 695px, (min-width: 640px) 712px, \" \/><\/a><\/div><\/div><div style=\"padding:5px;\" class=\"fusion-grid-column fusion-gallery-column fusion-gallery-column-3 hover-type-none\"><div class=\"fusion-gallery-image\"><a href=\"https:\/\/www.canoe-ardeche.com\/wp-content\/uploads\/74-Le-canoe-activite-incontournable-du-Sud-Ardeche-\u00a9-Sebastien-Gayet-Pont-dArc-Ardeche-Copie-scaled-e1687179246416.jpg\" rel=\"noreferrer\" data-rel=\"iLightbox[gallery_image_1]\" class=\"fusion-lightbox\" target=\"_self\"><img decoding=\"async\" src=\"https:\/\/www.canoe-ardeche.com\/wp-content\/uploads\/74-Le-canoe-activite-incontournable-du-Sud-Ardeche-\u00a9-Sebastien-Gayet-Pont-dArc-Ardeche-Copie-scaled-e1687179246416.jpg\" data-orig-src=\"https:\/\/www.canoe-ardeche.com\/wp-content\/uploads\/74-Le-canoe-activite-incontournable-du-Sud-Ardeche-\u00a9-Sebastien-Gayet-Pont-dArc-Ardeche-Copie-scaled-e1687179246416.jpg\" width=\"1500\" height=\"1000\" alt=\"\" title=\"74- Le cano\u00eb, activit\u00e9 incontournable du Sud Ard\u00e8che \u00a9 S\u00e9bastien Gayet &#8211; Pont d&#8217;Arc-Ard\u00e8che &#8211; Copie\" aria-label=\"74- Le cano\u00eb, activit\u00e9 incontournable du Sud Ard\u00e8che \u00a9 S\u00e9bastien Gayet &#8211; Pont d&#8217;Arc-Ard\u00e8che &#8211; Copie\" class=\"lazyload img-responsive wp-image-3082\" srcset=\"data:image\/svg+xml,%3Csvg%20xmlns%3D%27http%3A%2F%2Fwww.w3.org%2F2000%2Fsvg%27%20width%3D%271500%27%20height%3D%271000%27%20viewBox%3D%270%200%201500%201000%27%3E%3Crect%20width%3D%271500%27%20height%3D%271000%27%20fill-opacity%3D%220%22%2F%3E%3C%2Fsvg%3E\" data-srcset=\"https:\/\/www.canoe-ardeche.com\/wp-content\/uploads\/74-Le-canoe-activite-incontournable-du-Sud-Ardeche-\u00a9-Sebastien-Gayet-Pont-dArc-Ardeche-Copie-scaled-e1687179246416-200x133.jpg 200w, https:\/\/www.canoe-ardeche.com\/wp-content\/uploads\/74-Le-canoe-activite-incontournable-du-Sud-Ardeche-\u00a9-Sebastien-Gayet-Pont-dArc-Ardeche-Copie-scaled-e1687179246416-400x267.jpg 400w, https:\/\/www.canoe-ardeche.com\/wp-content\/uploads\/74-Le-canoe-activite-incontournable-du-Sud-Ardeche-\u00a9-Sebastien-Gayet-Pont-dArc-Ardeche-Copie-scaled-e1687179246416-600x400.jpg 600w, https:\/\/www.canoe-ardeche.com\/wp-content\/uploads\/74-Le-canoe-activite-incontournable-du-Sud-Ardeche-\u00a9-Sebastien-Gayet-Pont-dArc-Ardeche-Copie-scaled-e1687179246416-800x533.jpg 800w, https:\/\/www.canoe-ardeche.com\/wp-content\/uploads\/74-Le-canoe-activite-incontournable-du-Sud-Ardeche-\u00a9-Sebastien-Gayet-Pont-dArc-Ardeche-Copie-scaled-e1687179246416-1200x800.jpg 1200w, https:\/\/www.canoe-ardeche.com\/wp-content\/uploads\/74-Le-canoe-activite-incontournable-du-Sud-Ardeche-\u00a9-Sebastien-Gayet-Pont-dArc-Ardeche-Copie-scaled-e1687179246416.jpg 1500w\" data-sizes=\"auto\" data-orig-sizes=\"(min-width: 2200px) 100vw, (min-width: 784px) 463px, (min-width: 712px) 695px, (min-width: 640px) 712px, \" \/><\/a><\/div><\/div><div style=\"padding:5px;\" class=\"fusion-grid-column fusion-gallery-column fusion-gallery-column-3 hover-type-none\"><div class=\"fusion-gallery-image\"><a href=\"https:\/\/www.canoe-ardeche.com\/wp-content\/uploads\/101-Larche-naturelle-du-Pont-dArc-porte-dentree-des-Gorges-de-lArdeche-\u00a9-Pont-dArc-Ardeche-Copie-e1687179263292.jpg\" rel=\"noreferrer\" data-rel=\"iLightbox[gallery_image_1]\" class=\"fusion-lightbox\" target=\"_self\"><img decoding=\"async\" src=\"https:\/\/www.canoe-ardeche.com\/wp-content\/uploads\/101-Larche-naturelle-du-Pont-dArc-porte-dentree-des-Gorges-de-lArdeche-\u00a9-Pont-dArc-Ardeche-Copie-e1687179263292.jpg\" data-orig-src=\"https:\/\/www.canoe-ardeche.com\/wp-content\/uploads\/101-Larche-naturelle-du-Pont-dArc-porte-dentree-des-Gorges-de-lArdeche-\u00a9-Pont-dArc-Ardeche-Copie-e1687179263292.jpg\" width=\"1500\" height=\"1000\" alt=\"\" title=\"101-L&#8217;arche naturelle du Pont d&#8217;Arc porte d&#8217;entr\u00e9e des Gorges de l&#8217;Ard\u00e8che \u00a9 Pont d&#8217;Arc &#8211; Ard\u00e8che &#8211; Copie\" aria-label=\"101-L&#8217;arche naturelle du Pont d&#8217;Arc porte d&#8217;entr\u00e9e des Gorges de l&#8217;Ard\u00e8che \u00a9 Pont d&#8217;Arc &#8211; Ard\u00e8che &#8211; Copie\" class=\"lazyload img-responsive wp-image-3085\" srcset=\"data:image\/svg+xml,%3Csvg%20xmlns%3D%27http%3A%2F%2Fwww.w3.org%2F2000%2Fsvg%27%20width%3D%271500%27%20height%3D%271000%27%20viewBox%3D%270%200%201500%201000%27%3E%3Crect%20width%3D%271500%27%20height%3D%271000%27%20fill-opacity%3D%220%22%2F%3E%3C%2Fsvg%3E\" data-srcset=\"https:\/\/www.canoe-ardeche.com\/wp-content\/uploads\/101-Larche-naturelle-du-Pont-dArc-porte-dentree-des-Gorges-de-lArdeche-\u00a9-Pont-dArc-Ardeche-Copie-e1687179263292-200x133.jpg 200w, https:\/\/www.canoe-ardeche.com\/wp-content\/uploads\/101-Larche-naturelle-du-Pont-dArc-porte-dentree-des-Gorges-de-lArdeche-\u00a9-Pont-dArc-Ardeche-Copie-e1687179263292-400x267.jpg 400w, https:\/\/www.canoe-ardeche.com\/wp-content\/uploads\/101-Larche-naturelle-du-Pont-dArc-porte-dentree-des-Gorges-de-lArdeche-\u00a9-Pont-dArc-Ardeche-Copie-e1687179263292-600x400.jpg 600w, https:\/\/www.canoe-ardeche.com\/wp-content\/uploads\/101-Larche-naturelle-du-Pont-dArc-porte-dentree-des-Gorges-de-lArdeche-\u00a9-Pont-dArc-Ardeche-Copie-e1687179263292-800x533.jpg 800w, https:\/\/www.canoe-ardeche.com\/wp-content\/uploads\/101-Larche-naturelle-du-Pont-dArc-porte-dentree-des-Gorges-de-lArdeche-\u00a9-Pont-dArc-Ardeche-Copie-e1687179263292-1200x800.jpg 1200w, https:\/\/www.canoe-ardeche.com\/wp-content\/uploads\/101-Larche-naturelle-du-Pont-dArc-porte-dentree-des-Gorges-de-lArdeche-\u00a9-Pont-dArc-Ardeche-Copie-e1687179263292.jpg 1500w\" data-sizes=\"auto\" data-orig-sizes=\"(min-width: 2200px) 100vw, (min-width: 784px) 463px, (min-width: 712px) 695px, (min-width: 640px) 712px, \" \/><\/a><\/div><\/div><div class=\"clearfix\"><\/div><\/div><\/div><\/div><\/div><div class=\"fusion-layout-column fusion_builder_column fusion-builder-column-1 fusion_builder_column_1_1 1_1 fusion-flex-column\" style=\"--awb-bg-size:cover;--awb-width-large:100%;--awb-spacing-right-large:1.92%;--awb-spacing-left-large:1.92%;--awb-width-medium:100%;--awb-order-medium:0;--awb-spacing-right-medium:1.92%;--awb-spacing-left-medium:1.92%;--awb-width-small:100%;--awb-order-small:0;--awb-spacing-right-small:1.92%;--awb-spacing-left-small:1.92%;\"><div class=\"fusion-column-wrapper fusion-column-has-shadow fusion-flex-justify-content-flex-start fusion-content-layout-column\"><div class=\"fusion-text fusion-text-2\"><p style=\"text-align: center;\">Um Ihre <a href=\"https:\/\/www.canoe-ardeche.com\/les-descentes-en-canoe\/\">Kanufahrt auf der Ard\u00e8che<\/a> zu beginnen, begeben Sie sich nach Vallon Pont d&#8217;Arc, dem beliebten Ausgangspunkt f\u00fcr dieses Abenteuer. Vor Ort finden Sie die <a href=\"https:\/\/www.canoe-ardeche.com\/\">Base nautique du Pont d\u2019Arc<\/a>, die Ihnen die gesamte notwendige Ausr\u00fcstung zur Verf\u00fcgung stellt und Ihnen Sicherheitsanweisungen gibt. Sobald Sie bereit sind, k\u00f6nnen Sie sich auf den Fluss st\u00fcrzen und mit dem Abstieg beginnen.<\/p>\n<p style=\"text-align: center;\"><strong>Die Ard\u00e8che-Kanufahrt<\/strong> bietet vielf\u00e4ltige M\u00f6glichkeiten, von <strong>Tagesausfl\u00fcgen<\/strong> bis hin zu mehrt\u00e4gigen Ausfl\u00fcgen mit <strong>\u00dcbernachtungsbiwaks<\/strong> entlang des Flusses. F\u00fcr ein l\u00e4ngeres Abenteuer k\u00f6nnen Sie sich f\u00fcr einen <a href=\"https:\/\/www.canoe-ardeche.com\/infos-pratiques\/bivouac-descente-en-2-jours\/\">zweit\u00e4gigen Abstieg<\/a> entscheiden, bei dem Sie die Sch\u00f6nheit der Landschaft in vollen Z\u00fcgen genie\u00dfen und <strong>entspannte Momente<\/strong> inmitten der Natur verbringen k\u00f6nnen.<\/p>\n<\/div><div class=\"awb-gallery-wrapper awb-gallery-wrapper-2 button-span-no\" style=\"--more-btn-alignment:center;\"><div style=\"margin:-5px;--awb-bordersize:0px;\" class=\"fusion-gallery fusion-gallery-container fusion-grid-3 fusion-columns-total-3 fusion-gallery-layout-grid fusion-gallery-2\"><div style=\"padding:5px;\" class=\"fusion-grid-column fusion-gallery-column fusion-gallery-column-3 hover-type-none\"><div class=\"fusion-gallery-image\"><a href=\"https:\/\/www.canoe-ardeche.com\/wp-content\/uploads\/306622866_5729370763766102_8427159498423473844_n-e1686820673304.jpg\" rel=\"noreferrer\" data-rel=\"iLightbox[gallery_image_2]\" class=\"fusion-lightbox\" target=\"_self\"><img decoding=\"async\" src=\"https:\/\/www.canoe-ardeche.com\/wp-content\/uploads\/306622866_5729370763766102_8427159498423473844_n-e1686820673304.jpg\" data-orig-src=\"https:\/\/www.canoe-ardeche.com\/wp-content\/uploads\/306622866_5729370763766102_8427159498423473844_n-e1686820673304.jpg\" width=\"1500\" height=\"1000\" alt=\"\" title=\"Descente en cano\u00eb de l&#8217;Ard\u00e8che\" aria-label=\"Descente en cano\u00eb de l&#8217;Ard\u00e8che\" class=\"lazyload img-responsive wp-image-3032\" srcset=\"data:image\/svg+xml,%3Csvg%20xmlns%3D%27http%3A%2F%2Fwww.w3.org%2F2000%2Fsvg%27%20width%3D%271500%27%20height%3D%271000%27%20viewBox%3D%270%200%201500%201000%27%3E%3Crect%20width%3D%271500%27%20height%3D%271000%27%20fill-opacity%3D%220%22%2F%3E%3C%2Fsvg%3E\" data-srcset=\"https:\/\/www.canoe-ardeche.com\/wp-content\/uploads\/306622866_5729370763766102_8427159498423473844_n-e1686820673304-200x133.jpg 200w, https:\/\/www.canoe-ardeche.com\/wp-content\/uploads\/306622866_5729370763766102_8427159498423473844_n-e1686820673304-400x267.jpg 400w, https:\/\/www.canoe-ardeche.com\/wp-content\/uploads\/306622866_5729370763766102_8427159498423473844_n-e1686820673304-600x400.jpg 600w, https:\/\/www.canoe-ardeche.com\/wp-content\/uploads\/306622866_5729370763766102_8427159498423473844_n-e1686820673304-800x533.jpg 800w, https:\/\/www.canoe-ardeche.com\/wp-content\/uploads\/306622866_5729370763766102_8427159498423473844_n-e1686820673304-1200x800.jpg 1200w, https:\/\/www.canoe-ardeche.com\/wp-content\/uploads\/306622866_5729370763766102_8427159498423473844_n-e1686820673304.jpg 1500w\" data-sizes=\"auto\" data-orig-sizes=\"(min-width: 2200px) 100vw, (min-width: 784px) 463px, (min-width: 712px) 695px, (min-width: 640px) 712px, \" \/><\/a><\/div><\/div><div style=\"padding:5px;\" class=\"fusion-grid-column fusion-gallery-column fusion-gallery-column-3 hover-type-none\"><div class=\"fusion-gallery-image\"><a href=\"https:\/\/www.canoe-ardeche.com\/wp-content\/uploads\/Descente7.jpg\" rel=\"noreferrer\" data-rel=\"iLightbox[gallery_image_2]\" class=\"fusion-lightbox\" target=\"_self\"><img decoding=\"async\" src=\"https:\/\/www.canoe-ardeche.com\/wp-content\/uploads\/Descente7.jpg\" data-orig-src=\"https:\/\/www.canoe-ardeche.com\/wp-content\/uploads\/Descente7.jpg\" width=\"2352\" height=\"1568\" alt=\"\" title=\"Descente en cano\u00eb de l&#8217;Ard\u00e8che\" aria-label=\"Descente en cano\u00eb de l&#8217;Ard\u00e8che\" class=\"lazyload img-responsive wp-image-2999\" srcset=\"data:image\/svg+xml,%3Csvg%20xmlns%3D%27http%3A%2F%2Fwww.w3.org%2F2000%2Fsvg%27%20width%3D%272352%27%20height%3D%271568%27%20viewBox%3D%270%200%202352%201568%27%3E%3Crect%20width%3D%272352%27%20height%3D%271568%27%20fill-opacity%3D%220%22%2F%3E%3C%2Fsvg%3E\" data-srcset=\"https:\/\/www.canoe-ardeche.com\/wp-content\/uploads\/Descente7-200x133.jpg 200w, https:\/\/www.canoe-ardeche.com\/wp-content\/uploads\/Descente7-400x267.jpg 400w, https:\/\/www.canoe-ardeche.com\/wp-content\/uploads\/Descente7-600x400.jpg 600w, https:\/\/www.canoe-ardeche.com\/wp-content\/uploads\/Descente7-800x533.jpg 800w, https:\/\/www.canoe-ardeche.com\/wp-content\/uploads\/Descente7-1200x800.jpg 1200w, https:\/\/www.canoe-ardeche.com\/wp-content\/uploads\/Descente7.jpg 2352w\" data-sizes=\"auto\" data-orig-sizes=\"(min-width: 2200px) 100vw, (min-width: 784px) 463px, (min-width: 712px) 695px, (min-width: 640px) 712px, \" \/><\/a><\/div><\/div><div style=\"padding:5px;\" class=\"fusion-grid-column fusion-gallery-column fusion-gallery-column-3 hover-type-none\"><div class=\"fusion-gallery-image\"><a href=\"https:\/\/www.canoe-ardeche.com\/wp-content\/uploads\/gorges.jpg\" rel=\"noreferrer\" data-rel=\"iLightbox[gallery_image_2]\" class=\"fusion-lightbox\" target=\"_self\"><img decoding=\"async\" src=\"https:\/\/www.canoe-ardeche.com\/wp-content\/uploads\/gorges.jpg\" data-orig-src=\"https:\/\/www.canoe-ardeche.com\/wp-content\/uploads\/gorges.jpg\" width=\"612\" height=\"408\" alt=\"\" title=\"Descente en cano\u00eb de l&#8217;Ard\u00e8che\" aria-label=\"Descente en cano\u00eb de l&#8217;Ard\u00e8che\" class=\"lazyload img-responsive wp-image-2928\" srcset=\"data:image\/svg+xml,%3Csvg%20xmlns%3D%27http%3A%2F%2Fwww.w3.org%2F2000%2Fsvg%27%20width%3D%27612%27%20height%3D%27408%27%20viewBox%3D%270%200%20612%20408%27%3E%3Crect%20width%3D%27612%27%20height%3D%27408%27%20fill-opacity%3D%220%22%2F%3E%3C%2Fsvg%3E\" data-srcset=\"https:\/\/www.canoe-ardeche.com\/wp-content\/uploads\/gorges-200x133.jpg 200w, https:\/\/www.canoe-ardeche.com\/wp-content\/uploads\/gorges-400x267.jpg 400w, https:\/\/www.canoe-ardeche.com\/wp-content\/uploads\/gorges-600x400.jpg 600w, https:\/\/www.canoe-ardeche.com\/wp-content\/uploads\/gorges.jpg 612w\" data-sizes=\"auto\" data-orig-sizes=\"(min-width: 2200px) 100vw, (min-width: 784px) 463px, (min-width: 712px) 695px, (min-width: 640px) 712px, \" \/><\/a><\/div><\/div><div class=\"clearfix\"><\/div><\/div><\/div><\/div><\/div><div class=\"fusion-layout-column fusion_builder_column fusion-builder-column-2 fusion_builder_column_1_1 1_1 fusion-flex-column\" style=\"--awb-bg-size:cover;--awb-width-large:100%;--awb-spacing-right-large:1.92%;--awb-spacing-left-large:1.92%;--awb-width-medium:100%;--awb-order-medium:0;--awb-spacing-right-medium:1.92%;--awb-spacing-left-medium:1.92%;--awb-width-small:100%;--awb-order-small:0;--awb-spacing-right-small:1.92%;--awb-spacing-left-small:1.92%;\"><div class=\"fusion-column-wrapper fusion-column-has-shadow fusion-flex-justify-content-flex-start fusion-content-layout-column\"><div class=\"fusion-text fusion-text-3\"><p style=\"text-align: center;\">W\u00e4hrend Ihrer Kanufahrt werden Sie von der Vielfalt der Landschaften begeistert sein. Von den beeindruckenden Klippen bis zu den turbulenten Gew\u00e4ssern der <strong>Gorges de l&#8217;Ard\u00e8che<\/strong> und durch ruhigere und friedlichere Abschnitte wird jeder Moment eine neue Entdeckung sein. Sie haben auch die M\u00f6glichkeit, die Fauna und Flora an den Ufern der Ard\u00e8che zu bewundern, von majest\u00e4tischen V\u00f6geln bis hin zu Fischen, die im klaren Wasser schwimmen.<\/p>\n<p style=\"text-align: center;\">Die Kanufahrt der Ard\u00e8che ist <strong>f\u00fcr jeden zug\u00e4nglich<\/strong>, egal ob Anf\u00e4nger oder Fortgeschrittener. Die Kanus sind stabil und leicht zu man\u00f6vrieren, was sie zu einer geeigneten Aktivit\u00e4t <strong>f\u00fcr Familien mit Kindern<\/strong> macht. Dank der erfahrenen Instruktoren, die Sie w\u00e4hrend des <a href=\"https:\/\/www.canoe-ardeche.com\/les-descentes-en-canoe\/mini-descente-accompagnee-7km\/\">gesamten Abstiegs begleiten<\/a>, k\u00f6nnen Sie ein v\u00f6llig sicheres Erlebnis genie\u00dfen.<\/p>\n<\/div><div class=\"awb-gallery-wrapper awb-gallery-wrapper-3 button-span-no\" style=\"--more-btn-alignment:center;\"><div style=\"margin:-5px;--awb-bordersize:0px;\" class=\"fusion-gallery fusion-gallery-container fusion-grid-3 fusion-columns-total-3 fusion-gallery-layout-grid fusion-gallery-3\"><div style=\"padding:5px;\" class=\"fusion-grid-column fusion-gallery-column fusion-gallery-column-3 hover-type-none\"><div class=\"fusion-gallery-image\"><a href=\"https:\/\/www.canoe-ardeche.com\/wp-content\/uploads\/306617017_5729382563764922_2855294000076271057_n.jpg\" rel=\"noreferrer\" data-rel=\"iLightbox[gallery_image_3]\" class=\"fusion-lightbox\" target=\"_self\"><img decoding=\"async\" src=\"https:\/\/www.canoe-ardeche.com\/wp-content\/uploads\/306617017_5729382563764922_2855294000076271057_n.jpg\" data-orig-src=\"https:\/\/www.canoe-ardeche.com\/wp-content\/uploads\/306617017_5729382563764922_2855294000076271057_n.jpg\" width=\"2048\" height=\"1365\" alt=\"\" title=\"Descente en cano\u00eb de l&#8217;Ard\u00e8che\" aria-label=\"Descente en cano\u00eb de l&#8217;Ard\u00e8che\" class=\"lazyload img-responsive wp-image-3029\" srcset=\"data:image\/svg+xml,%3Csvg%20xmlns%3D%27http%3A%2F%2Fwww.w3.org%2F2000%2Fsvg%27%20width%3D%272048%27%20height%3D%271365%27%20viewBox%3D%270%200%202048%201365%27%3E%3Crect%20width%3D%272048%27%20height%3D%271365%27%20fill-opacity%3D%220%22%2F%3E%3C%2Fsvg%3E\" data-srcset=\"https:\/\/www.canoe-ardeche.com\/wp-content\/uploads\/306617017_5729382563764922_2855294000076271057_n-200x133.jpg 200w, https:\/\/www.canoe-ardeche.com\/wp-content\/uploads\/306617017_5729382563764922_2855294000076271057_n-400x267.jpg 400w, https:\/\/www.canoe-ardeche.com\/wp-content\/uploads\/306617017_5729382563764922_2855294000076271057_n-600x400.jpg 600w, https:\/\/www.canoe-ardeche.com\/wp-content\/uploads\/306617017_5729382563764922_2855294000076271057_n-800x533.jpg 800w, https:\/\/www.canoe-ardeche.com\/wp-content\/uploads\/306617017_5729382563764922_2855294000076271057_n-1200x800.jpg 1200w, https:\/\/www.canoe-ardeche.com\/wp-content\/uploads\/306617017_5729382563764922_2855294000076271057_n.jpg 2048w\" data-sizes=\"auto\" data-orig-sizes=\"(min-width: 2200px) 100vw, (min-width: 784px) 463px, (min-width: 712px) 695px, (min-width: 640px) 712px, \" \/><\/a><\/div><\/div><div style=\"padding:5px;\" class=\"fusion-grid-column fusion-gallery-column fusion-gallery-column-3 hover-type-none\"><div class=\"fusion-gallery-image\"><a href=\"https:\/\/www.canoe-ardeche.com\/wp-content\/uploads\/Flo.jpg\" rel=\"noreferrer\" data-rel=\"iLightbox[gallery_image_3]\" class=\"fusion-lightbox\" target=\"_self\"><img decoding=\"async\" src=\"https:\/\/www.canoe-ardeche.com\/wp-content\/uploads\/Flo.jpg\" data-orig-src=\"https:\/\/www.canoe-ardeche.com\/wp-content\/uploads\/Flo.jpg\" width=\"1280\" height=\"855\" alt=\"\" title=\"Flo\" aria-label=\"Flo\" class=\"lazyload img-responsive wp-image-3050\" srcset=\"data:image\/svg+xml,%3Csvg%20xmlns%3D%27http%3A%2F%2Fwww.w3.org%2F2000%2Fsvg%27%20width%3D%271280%27%20height%3D%27855%27%20viewBox%3D%270%200%201280%20855%27%3E%3Crect%20width%3D%271280%27%20height%3D%27855%27%20fill-opacity%3D%220%22%2F%3E%3C%2Fsvg%3E\" data-srcset=\"https:\/\/www.canoe-ardeche.com\/wp-content\/uploads\/Flo-200x134.jpg 200w, https:\/\/www.canoe-ardeche.com\/wp-content\/uploads\/Flo-400x267.jpg 400w, https:\/\/www.canoe-ardeche.com\/wp-content\/uploads\/Flo-600x401.jpg 600w, https:\/\/www.canoe-ardeche.com\/wp-content\/uploads\/Flo-800x534.jpg 800w, https:\/\/www.canoe-ardeche.com\/wp-content\/uploads\/Flo-1200x802.jpg 1200w, https:\/\/www.canoe-ardeche.com\/wp-content\/uploads\/Flo.jpg 1280w\" data-sizes=\"auto\" data-orig-sizes=\"(min-width: 2200px) 100vw, (min-width: 784px) 463px, (min-width: 712px) 695px, (min-width: 640px) 712px, \" \/><\/a><\/div><\/div><div style=\"padding:5px;\" class=\"fusion-grid-column fusion-gallery-column fusion-gallery-column-3 hover-type-none\"><div class=\"fusion-gallery-image\"><a href=\"https:\/\/www.canoe-ardeche.com\/wp-content\/uploads\/descente-19.jpg\" rel=\"noreferrer\" data-rel=\"iLightbox[gallery_image_3]\" class=\"fusion-lightbox\" target=\"_self\"><img decoding=\"async\" src=\"https:\/\/www.canoe-ardeche.com\/wp-content\/uploads\/descente-19.jpg\" data-orig-src=\"https:\/\/www.canoe-ardeche.com\/wp-content\/uploads\/descente-19.jpg\" width=\"1400\" height=\"933\" alt=\"\" title=\"La descente en cano\u00eb de l&#8217;Ard\u00e8che\" aria-label=\"La descente en cano\u00eb de l&#8217;Ard\u00e8che\" class=\"lazyload img-responsive wp-image-504\" srcset=\"data:image\/svg+xml,%3Csvg%20xmlns%3D%27http%3A%2F%2Fwww.w3.org%2F2000%2Fsvg%27%20width%3D%271400%27%20height%3D%27933%27%20viewBox%3D%270%200%201400%20933%27%3E%3Crect%20width%3D%271400%27%20height%3D%27933%27%20fill-opacity%3D%220%22%2F%3E%3C%2Fsvg%3E\" data-srcset=\"https:\/\/www.canoe-ardeche.com\/wp-content\/uploads\/descente-19-200x133.jpg 200w, https:\/\/www.canoe-ardeche.com\/wp-content\/uploads\/descente-19-400x267.jpg 400w, https:\/\/www.canoe-ardeche.com\/wp-content\/uploads\/descente-19-600x400.jpg 600w, https:\/\/www.canoe-ardeche.com\/wp-content\/uploads\/descente-19-800x533.jpg 800w, https:\/\/www.canoe-ardeche.com\/wp-content\/uploads\/descente-19-1200x800.jpg 1200w, https:\/\/www.canoe-ardeche.com\/wp-content\/uploads\/descente-19.jpg 1400w\" data-sizes=\"auto\" data-orig-sizes=\"(min-width: 2200px) 100vw, (min-width: 784px) 463px, (min-width: 712px) 695px, (min-width: 640px) 712px, \" \/><\/a><\/div><\/div><div class=\"clearfix\"><\/div><\/div><\/div><\/div><\/div><div class=\"fusion-layout-column fusion_builder_column fusion-builder-column-3 fusion_builder_column_1_1 1_1 fusion-flex-column\" style=\"--awb-bg-size:cover;--awb-width-large:100%;--awb-spacing-right-large:1.92%;--awb-spacing-left-large:1.92%;--awb-width-medium:100%;--awb-order-medium:0;--awb-spacing-right-medium:1.92%;--awb-spacing-left-medium:1.92%;--awb-width-small:100%;--awb-order-small:0;--awb-spacing-right-small:1.92%;--awb-spacing-left-small:1.92%;\"><div class=\"fusion-column-wrapper fusion-column-has-shadow fusion-flex-justify-content-flex-start fusion-content-layout-column\"><div class=\"fusion-text fusion-text-4\"><p style=\"text-align: center;\">Nehmen Sie sich w\u00e4hrend Ihres Kanuabenteuers die Zeit, anzuhalten und die verborgenen Sch\u00e4tze entlang des Flusses zu genie\u00dfen. Machen Sie eine Pause f\u00fcr ein <strong>Picknick<\/strong> an einem Sandstrand, erkunden Sie geheimnisvolle H\u00f6hlen oder tauchen Sie in das erfrischende Wasser der Ard\u00e8che ein. Sie k\u00f6nnen auch malerische D\u00f6rfer wie Balazuc entdecken, das f\u00fcr sein pr\u00e4historisches Museum bekannt ist, in dem Sie mehr \u00fcber die ersten Bewohner der Region erfahren k\u00f6nnen.<\/p>\n<p style=\"text-align: center;\">Sobald Ihre Kanuabfahrt beendet ist, machen Sie sich auf den Weg nach <strong>Vallon Pont d&#8217;Arc<\/strong> f\u00fcr eine wohlverdiente Pause. Das Dorf ist voller charmanter Gesch\u00e4fte, Restaurants und Eisdielen, in denen Sie k\u00f6stliches Eis genie\u00dfen k\u00f6nnen, um sich nach Ihrem Abenteuer <strong>in der Wildnis<\/strong> abzuk\u00fchlen.<\/p>\n<\/div><div class=\"awb-gallery-wrapper awb-gallery-wrapper-4 button-span-no\" style=\"--more-btn-alignment:center;\"><div style=\"margin:-5px;--awb-bordersize:0px;\" class=\"fusion-gallery fusion-gallery-container fusion-grid-3 fusion-columns-total-3 fusion-gallery-layout-grid fusion-gallery-4\"><div style=\"padding:5px;\" class=\"fusion-grid-column fusion-gallery-column fusion-gallery-column-3 hover-type-none\"><div class=\"fusion-gallery-image\"><a href=\"https:\/\/www.canoe-ardeche.com\/wp-content\/uploads\/305980290_5732100270159818_7912503025646236234_n-e1686820578383.jpg\" rel=\"noreferrer\" data-rel=\"iLightbox[gallery_image_4]\" class=\"fusion-lightbox\" target=\"_self\"><img decoding=\"async\" src=\"https:\/\/www.canoe-ardeche.com\/wp-content\/uploads\/305980290_5732100270159818_7912503025646236234_n-e1686820578383.jpg\" data-orig-src=\"https:\/\/www.canoe-ardeche.com\/wp-content\/uploads\/305980290_5732100270159818_7912503025646236234_n-e1686820578383.jpg\" width=\"1500\" height=\"1000\" alt=\"\" title=\"Descente en cano\u00eb de l&#8217;Ard\u00e8che\" aria-label=\"Descente en cano\u00eb de l&#8217;Ard\u00e8che\" class=\"lazyload img-responsive wp-image-3014\" srcset=\"data:image\/svg+xml,%3Csvg%20xmlns%3D%27http%3A%2F%2Fwww.w3.org%2F2000%2Fsvg%27%20width%3D%271500%27%20height%3D%271000%27%20viewBox%3D%270%200%201500%201000%27%3E%3Crect%20width%3D%271500%27%20height%3D%271000%27%20fill-opacity%3D%220%22%2F%3E%3C%2Fsvg%3E\" data-srcset=\"https:\/\/www.canoe-ardeche.com\/wp-content\/uploads\/305980290_5732100270159818_7912503025646236234_n-e1686820578383-200x133.jpg 200w, https:\/\/www.canoe-ardeche.com\/wp-content\/uploads\/305980290_5732100270159818_7912503025646236234_n-e1686820578383-400x267.jpg 400w, https:\/\/www.canoe-ardeche.com\/wp-content\/uploads\/305980290_5732100270159818_7912503025646236234_n-e1686820578383-600x400.jpg 600w, https:\/\/www.canoe-ardeche.com\/wp-content\/uploads\/305980290_5732100270159818_7912503025646236234_n-e1686820578383-800x533.jpg 800w, https:\/\/www.canoe-ardeche.com\/wp-content\/uploads\/305980290_5732100270159818_7912503025646236234_n-e1686820578383-1200x800.jpg 1200w, https:\/\/www.canoe-ardeche.com\/wp-content\/uploads\/305980290_5732100270159818_7912503025646236234_n-e1686820578383.jpg 1500w\" data-sizes=\"auto\" data-orig-sizes=\"(min-width: 2200px) 100vw, (min-width: 784px) 463px, (min-width: 712px) 695px, (min-width: 640px) 712px, \" \/><\/a><\/div><\/div><div style=\"padding:5px;\" class=\"fusion-grid-column fusion-gallery-column fusion-gallery-column-3 hover-type-none\"><div class=\"fusion-gallery-image\"><a href=\"https:\/\/www.canoe-ardeche.com\/wp-content\/uploads\/75-La-descente-des-Gorges-de-lArdeche-est-une-experience-inoubliable-\u00a9-Sebastien-Gayet-Pont-dArc-Ardeche-petit.jpg\" rel=\"noreferrer\" data-rel=\"iLightbox[gallery_image_4]\" class=\"fusion-lightbox\" target=\"_self\"><img decoding=\"async\" src=\"https:\/\/www.canoe-ardeche.com\/wp-content\/uploads\/75-La-descente-des-Gorges-de-lArdeche-est-une-experience-inoubliable-\u00a9-Sebastien-Gayet-Pont-dArc-Ardeche-petit.jpg\" data-orig-src=\"https:\/\/www.canoe-ardeche.com\/wp-content\/uploads\/75-La-descente-des-Gorges-de-lArdeche-est-une-experience-inoubliable-\u00a9-Sebastien-Gayet-Pont-dArc-Ardeche-petit.jpg\" width=\"1500\" height=\"1000\" alt=\"\" title=\"75- La descente des Gorges de l&#8217;Ard\u00e8che est une exp\u00e9rience inoubliable \u00a9 S\u00e9bastien Gayet &#8211; Pont d&#8217;Arc-Ard\u00e8che petit\" aria-label=\"75- La descente des Gorges de l&#8217;Ard\u00e8che est une exp\u00e9rience inoubliable \u00a9 S\u00e9bastien Gayet &#8211; Pont d&#8217;Arc-Ard\u00e8che petit\" class=\"lazyload img-responsive wp-image-3088\" srcset=\"data:image\/svg+xml,%3Csvg%20xmlns%3D%27http%3A%2F%2Fwww.w3.org%2F2000%2Fsvg%27%20width%3D%271500%27%20height%3D%271000%27%20viewBox%3D%270%200%201500%201000%27%3E%3Crect%20width%3D%271500%27%20height%3D%271000%27%20fill-opacity%3D%220%22%2F%3E%3C%2Fsvg%3E\" data-srcset=\"https:\/\/www.canoe-ardeche.com\/wp-content\/uploads\/75-La-descente-des-Gorges-de-lArdeche-est-une-experience-inoubliable-\u00a9-Sebastien-Gayet-Pont-dArc-Ardeche-petit-200x133.jpg 200w, https:\/\/www.canoe-ardeche.com\/wp-content\/uploads\/75-La-descente-des-Gorges-de-lArdeche-est-une-experience-inoubliable-\u00a9-Sebastien-Gayet-Pont-dArc-Ardeche-petit-400x267.jpg 400w, https:\/\/www.canoe-ardeche.com\/wp-content\/uploads\/75-La-descente-des-Gorges-de-lArdeche-est-une-experience-inoubliable-\u00a9-Sebastien-Gayet-Pont-dArc-Ardeche-petit-600x400.jpg 600w, https:\/\/www.canoe-ardeche.com\/wp-content\/uploads\/75-La-descente-des-Gorges-de-lArdeche-est-une-experience-inoubliable-\u00a9-Sebastien-Gayet-Pont-dArc-Ardeche-petit-800x533.jpg 800w, https:\/\/www.canoe-ardeche.com\/wp-content\/uploads\/75-La-descente-des-Gorges-de-lArdeche-est-une-experience-inoubliable-\u00a9-Sebastien-Gayet-Pont-dArc-Ardeche-petit-1200x800.jpg 1200w, https:\/\/www.canoe-ardeche.com\/wp-content\/uploads\/75-La-descente-des-Gorges-de-lArdeche-est-une-experience-inoubliable-\u00a9-Sebastien-Gayet-Pont-dArc-Ardeche-petit.jpg 1500w\" data-sizes=\"auto\" data-orig-sizes=\"(min-width: 2200px) 100vw, (min-width: 784px) 463px, (min-width: 712px) 695px, (min-width: 640px) 712px, \" \/><\/a><\/div><\/div><div style=\"padding:5px;\" class=\"fusion-grid-column fusion-gallery-column fusion-gallery-column-3 hover-type-none\"><div class=\"fusion-gallery-image\"><a href=\"https:\/\/www.canoe-ardeche.com\/wp-content\/uploads\/parallaxe-3.jpg\" rel=\"noreferrer\" data-rel=\"iLightbox[gallery_image_4]\" class=\"fusion-lightbox\" target=\"_self\"><img decoding=\"async\" src=\"https:\/\/www.canoe-ardeche.com\/wp-content\/uploads\/parallaxe-3.jpg\" data-orig-src=\"https:\/\/www.canoe-ardeche.com\/wp-content\/uploads\/parallaxe-3.jpg\" width=\"1920\" height=\"1280\" alt=\"\" title=\"Descente en cano\u00eb de l&#8217;Ard\u00e8che\" aria-label=\"Descente en cano\u00eb de l&#8217;Ard\u00e8che\" class=\"lazyload img-responsive wp-image-464\" srcset=\"data:image\/svg+xml,%3Csvg%20xmlns%3D%27http%3A%2F%2Fwww.w3.org%2F2000%2Fsvg%27%20width%3D%271920%27%20height%3D%271280%27%20viewBox%3D%270%200%201920%201280%27%3E%3Crect%20width%3D%271920%27%20height%3D%271280%27%20fill-opacity%3D%220%22%2F%3E%3C%2Fsvg%3E\" data-srcset=\"https:\/\/www.canoe-ardeche.com\/wp-content\/uploads\/parallaxe-3-200x133.jpg 200w, https:\/\/www.canoe-ardeche.com\/wp-content\/uploads\/parallaxe-3-400x267.jpg 400w, https:\/\/www.canoe-ardeche.com\/wp-content\/uploads\/parallaxe-3-600x400.jpg 600w, https:\/\/www.canoe-ardeche.com\/wp-content\/uploads\/parallaxe-3-800x533.jpg 800w, https:\/\/www.canoe-ardeche.com\/wp-content\/uploads\/parallaxe-3-1200x800.jpg 1200w, https:\/\/www.canoe-ardeche.com\/wp-content\/uploads\/parallaxe-3.jpg 1920w\" data-sizes=\"auto\" data-orig-sizes=\"(min-width: 2200px) 100vw, (min-width: 784px) 463px, (min-width: 712px) 695px, (min-width: 640px) 712px, \" \/><\/a><\/div><\/div><div class=\"clearfix\"><\/div><\/div><\/div><\/div><\/div><div class=\"fusion-layout-column fusion_builder_column fusion-builder-column-4 fusion_builder_column_1_1 1_1 fusion-flex-column\" style=\"--awb-bg-size:cover;--awb-width-large:100%;--awb-spacing-right-large:1.92%;--awb-spacing-left-large:1.92%;--awb-width-medium:100%;--awb-order-medium:0;--awb-spacing-right-medium:1.92%;--awb-spacing-left-medium:1.92%;--awb-width-small:100%;--awb-order-small:0;--awb-spacing-right-small:1.92%;--awb-spacing-left-small:1.92%;\"><div class=\"fusion-column-wrapper fusion-column-has-shadow fusion-flex-justify-content-flex-start fusion-content-layout-column\"><div class=\"fusion-text fusion-text-5\"><p style=\"text-align: center;\">Die Kanufahrt auf der Ard\u00e8che ist ein unvergessliches Erlebnis, bei dem Sie die wilde Sch\u00f6nheit dieser herrlichen Region entdecken k\u00f6nnen. Egal, ob Sie mit der Familie, mit Freunden oder zu zweit unterwegs sind, dieses Abenteuer wird <strong>Ihnen bleibende Erinnerungen<\/strong> hinterlassen und Lust darauf machen, wiederzukommen und mehr von der Ard\u00e8che zu erkunden.<\/p>\n<p style=\"text-align: center;\">Vergessen Sie nicht, Ihre Kanutour im Voraus zu planen und sich \u00fcber <a href=\"https:\/\/www.canoe-ardeche.com\/tarifs\/\">die Preise<\/a> und Optionen der <strong>Base Nautique du Pont d&#8217;Arc<\/strong> zu informieren. Machen Sie sich bereit f\u00fcr ein aufregendes Abenteuer im Herzen der Ard\u00e8che und schaffen Sie Erinnerungen, die Ihnen f\u00fcr immer in Erinnerung bleiben werden.<\/p>\n<\/div><div class=\"awb-gallery-wrapper awb-gallery-wrapper-5 button-span-no\" style=\"--more-btn-alignment:center;\"><div style=\"margin:-5px;--awb-bordersize:0px;\" class=\"fusion-gallery fusion-gallery-container fusion-grid-3 fusion-columns-total-3 fusion-gallery-layout-grid fusion-gallery-5\"><div style=\"padding:5px;\" class=\"fusion-grid-column fusion-gallery-column fusion-gallery-column-3 hover-type-none\"><div class=\"fusion-gallery-image\"><a href=\"https:\/\/www.canoe-ardeche.com\/wp-content\/uploads\/descente-16.jpg\" rel=\"noreferrer\" data-rel=\"iLightbox[gallery_image_5]\" class=\"fusion-lightbox\" target=\"_self\"><img decoding=\"async\" src=\"https:\/\/www.canoe-ardeche.com\/wp-content\/uploads\/descente-16.jpg\" data-orig-src=\"https:\/\/www.canoe-ardeche.com\/wp-content\/uploads\/descente-16.jpg\" width=\"1400\" height=\"933\" alt=\"\" title=\"Descente en cano\u00eb de l&#8217;Ard\u00e8che\" aria-label=\"Descente en cano\u00eb de l&#8217;Ard\u00e8che\" class=\"lazyload img-responsive wp-image-501\" srcset=\"data:image\/svg+xml,%3Csvg%20xmlns%3D%27http%3A%2F%2Fwww.w3.org%2F2000%2Fsvg%27%20width%3D%271400%27%20height%3D%27933%27%20viewBox%3D%270%200%201400%20933%27%3E%3Crect%20width%3D%271400%27%20height%3D%27933%27%20fill-opacity%3D%220%22%2F%3E%3C%2Fsvg%3E\" data-srcset=\"https:\/\/www.canoe-ardeche.com\/wp-content\/uploads\/descente-16-200x133.jpg 200w, https:\/\/www.canoe-ardeche.com\/wp-content\/uploads\/descente-16-400x267.jpg 400w, https:\/\/www.canoe-ardeche.com\/wp-content\/uploads\/descente-16-600x400.jpg 600w, https:\/\/www.canoe-ardeche.com\/wp-content\/uploads\/descente-16-800x533.jpg 800w, https:\/\/www.canoe-ardeche.com\/wp-content\/uploads\/descente-16-1200x800.jpg 1200w, https:\/\/www.canoe-ardeche.com\/wp-content\/uploads\/descente-16.jpg 1400w\" data-sizes=\"auto\" data-orig-sizes=\"(min-width: 2200px) 100vw, (min-width: 784px) 463px, (min-width: 712px) 695px, (min-width: 640px) 712px, \" \/><\/a><\/div><\/div><div style=\"padding:5px;\" class=\"fusion-grid-column fusion-gallery-column fusion-gallery-column-3 hover-type-none\"><div class=\"fusion-gallery-image\"><a href=\"https:\/\/www.canoe-ardeche.com\/wp-content\/uploads\/descente-17.jpg\" rel=\"noreferrer\" data-rel=\"iLightbox[gallery_image_5]\" class=\"fusion-lightbox\" target=\"_self\"><img decoding=\"async\" src=\"https:\/\/www.canoe-ardeche.com\/wp-content\/uploads\/descente-17.jpg\" data-orig-src=\"https:\/\/www.canoe-ardeche.com\/wp-content\/uploads\/descente-17.jpg\" width=\"1400\" height=\"933\" alt=\"\" title=\"Descente en cano\u00eb de l&#8217;Ard\u00e8che\" aria-label=\"Descente en cano\u00eb de l&#8217;Ard\u00e8che\" class=\"lazyload img-responsive wp-image-502\" srcset=\"data:image\/svg+xml,%3Csvg%20xmlns%3D%27http%3A%2F%2Fwww.w3.org%2F2000%2Fsvg%27%20width%3D%271400%27%20height%3D%27933%27%20viewBox%3D%270%200%201400%20933%27%3E%3Crect%20width%3D%271400%27%20height%3D%27933%27%20fill-opacity%3D%220%22%2F%3E%3C%2Fsvg%3E\" data-srcset=\"https:\/\/www.canoe-ardeche.com\/wp-content\/uploads\/descente-17-200x133.jpg 200w, https:\/\/www.canoe-ardeche.com\/wp-content\/uploads\/descente-17-400x267.jpg 400w, https:\/\/www.canoe-ardeche.com\/wp-content\/uploads\/descente-17-600x400.jpg 600w, https:\/\/www.canoe-ardeche.com\/wp-content\/uploads\/descente-17-800x533.jpg 800w, https:\/\/www.canoe-ardeche.com\/wp-content\/uploads\/descente-17-1200x800.jpg 1200w, https:\/\/www.canoe-ardeche.com\/wp-content\/uploads\/descente-17.jpg 1400w\" data-sizes=\"auto\" data-orig-sizes=\"(min-width: 2200px) 100vw, (min-width: 784px) 463px, (min-width: 712px) 695px, (min-width: 640px) 712px, \" \/><\/a><\/div><\/div><div style=\"padding:5px;\" class=\"fusion-grid-column fusion-gallery-column fusion-gallery-column-3 hover-type-none\"><div class=\"fusion-gallery-image\"><a href=\"https:\/\/www.canoe-ardeche.com\/wp-content\/uploads\/306331098_5732098773493301_7129558908978240020_n-e1686820631189.jpg\" rel=\"noreferrer\" data-rel=\"iLightbox[gallery_image_5]\" class=\"fusion-lightbox\" target=\"_self\"><img decoding=\"async\" src=\"https:\/\/www.canoe-ardeche.com\/wp-content\/uploads\/306331098_5732098773493301_7129558908978240020_n-e1686820631189.jpg\" data-orig-src=\"https:\/\/www.canoe-ardeche.com\/wp-content\/uploads\/306331098_5732098773493301_7129558908978240020_n-e1686820631189.jpg\" width=\"1500\" height=\"1000\" alt=\"\" title=\"La descente en cano\u00eb de l&#8217;Ard\u00e8che\" aria-label=\"La descente en cano\u00eb de l&#8217;Ard\u00e8che\" class=\"lazyload img-responsive wp-image-3023\" srcset=\"data:image\/svg+xml,%3Csvg%20xmlns%3D%27http%3A%2F%2Fwww.w3.org%2F2000%2Fsvg%27%20width%3D%271500%27%20height%3D%271000%27%20viewBox%3D%270%200%201500%201000%27%3E%3Crect%20width%3D%271500%27%20height%3D%271000%27%20fill-opacity%3D%220%22%2F%3E%3C%2Fsvg%3E\" data-srcset=\"https:\/\/www.canoe-ardeche.com\/wp-content\/uploads\/306331098_5732098773493301_7129558908978240020_n-e1686820631189-200x133.jpg 200w, https:\/\/www.canoe-ardeche.com\/wp-content\/uploads\/306331098_5732098773493301_7129558908978240020_n-e1686820631189-400x267.jpg 400w, https:\/\/www.canoe-ardeche.com\/wp-content\/uploads\/306331098_5732098773493301_7129558908978240020_n-e1686820631189-600x400.jpg 600w, https:\/\/www.canoe-ardeche.com\/wp-content\/uploads\/306331098_5732098773493301_7129558908978240020_n-e1686820631189-800x533.jpg 800w, https:\/\/www.canoe-ardeche.com\/wp-content\/uploads\/306331098_5732098773493301_7129558908978240020_n-e1686820631189-1200x800.jpg 1200w, https:\/\/www.canoe-ardeche.com\/wp-content\/uploads\/306331098_5732098773493301_7129558908978240020_n-e1686820631189.jpg 1500w\" data-sizes=\"auto\" data-orig-sizes=\"(min-width: 2200px) 100vw, (min-width: 784px) 463px, (min-width: 712px) 695px, (min-width: 640px) 712px, \" \/><\/a><\/div><\/div><div class=\"clearfix\"><\/div><\/div><\/div><\/div><\/div><div class=\"fusion-layout-column fusion_builder_column fusion-builder-column-5 fusion_builder_column_1_1 1_1 fusion-flex-column\" style=\"--awb-bg-size:cover;--awb-width-large:100%;--awb-spacing-right-large:1.92%;--awb-spacing-left-large:1.92%;--awb-width-medium:100%;--awb-order-medium:0;--awb-spacing-right-medium:1.92%;--awb-spacing-left-medium:1.92%;--awb-width-small:100%;--awb-order-small:0;--awb-spacing-right-small:1.92%;--awb-spacing-left-small:1.92%;\"><div class=\"fusion-column-wrapper fusion-column-has-shadow fusion-flex-justify-content-flex-start fusion-content-layout-column\"><div style=\"text-align:center;\"><a class=\"fusion-button button-flat fusion-button-default-size button-default fusion-button-default button-1 fusion-button-default-span fusion-button-default-type\" target=\"_self\" href=\"https:\/\/www.canoe-ardeche.com\/de\/online-buchung\/\"><span class=\"fusion-button-text\">Ich buche meine Kanutour! <\/span><\/a><\/div><\/div><\/div><\/div><\/div>\n","protected":false},"excerpt":{"rendered":"","protected":false},"author":2,"featured_media":3362,"comment_status":"closed","ping_status":"closed","sticky":false,"template":"","format":"standard","meta":{"footnotes":""},"categories":[50],"tags":[],"class_list":["post-3361","post","type-post","status-publish","format-standard","has-post-thumbnail","hentry","category-blog-de"],"_links":{"self":[{"href":"https:\/\/www.canoe-ardeche.com\/de\/wp-json\/wp\/v2\/posts\/3361","targetHints":{"allow":["GET"]}}],"collection":[{"href":"https:\/\/www.canoe-ardeche.com\/de\/wp-json\/wp\/v2\/posts"}],"about":[{"href":"https:\/\/www.canoe-ardeche.com\/de\/wp-json\/wp\/v2\/types\/post"}],"author":[{"embeddable":true,"href":"https:\/\/www.canoe-ardeche.com\/de\/wp-json\/wp\/v2\/users\/2"}],"replies":[{"embeddable":true,"href":"https:\/\/www.canoe-ardeche.com\/de\/wp-json\/wp\/v2\/comments?post=3361"}],"version-history":[{"count":4,"href":"https:\/\/www.canoe-ardeche.com\/de\/wp-json\/wp\/v2\/posts\/3361\/revisions"}],"predecessor-version":[{"id":3667,"href":"https:\/\/www.canoe-ardeche.com\/de\/wp-json\/wp\/v2\/posts\/3361\/revisions\/3667"}],"wp:featuredmedia":[{"embeddable":true,"href":"https:\/\/www.canoe-ardeche.com\/de\/wp-json\/wp\/v2\/media\/3362"}],"wp:attachment":[{"href":"https:\/\/www.canoe-ardeche.com\/de\/wp-json\/wp\/v2\/media?parent=3361"}],"wp:term":[{"taxonomy":"category","embeddable":true,"href":"https:\/\/www.canoe-ardeche.com\/de\/wp-json\/wp\/v2\/categories?post=3361"},{"taxonomy":"post_tag","embeddable":true,"href":"https:\/\/www.canoe-ardeche.com\/de\/wp-json\/wp\/v2\/tags?post=3361"}],"curies":[{"name":"wp","href":"https:\/\/api.w.org\/{rel}","templated":true}]}}