{"id":3383,"date":"2023-06-01T09:20:27","date_gmt":"2023-06-01T07:20:27","guid":{"rendered":"https:\/\/www.canoe-ardeche.com\/quelle-meteo-pour-le-canoe-en-ardeche\/"},"modified":"2024-03-12T14:16:38","modified_gmt":"2024-03-12T13:16:38","slug":"wie-ist-das-wetter-zum-kanufahren-in-der-ardeche","status":"publish","type":"post","link":"https:\/\/www.canoe-ardeche.com\/de\/wie-ist-das-wetter-zum-kanufahren-in-der-ardeche\/","title":{"rendered":"Wie ist das Wetter zum Kanufahren in der Ard\u00e8che?"},"content":{"rendered":"<div class=\"fusion-fullwidth fullwidth-box fusion-builder-row-1 fusion-flex-container has-pattern-background has-mask-background nonhundred-percent-fullwidth non-hundred-percent-height-scrolling\" style=\"--awb-border-radius-top-left:0px;--awb-border-radius-top-right:0px;--awb-border-radius-bottom-right:0px;--awb-border-radius-bottom-left:0px;\" ><div class=\"fusion-builder-row fusion-row fusion-flex-align-items-flex-start\" style=\"max-width:1456px;margin-left: calc(-4% \/ 2 );margin-right: calc(-4% \/ 2 );\"><div class=\"fusion-layout-column fusion_builder_column fusion-builder-column-0 fusion_builder_column_1_1 1_1 fusion-flex-column\" style=\"--awb-bg-size:cover;--awb-width-large:100%;--awb-spacing-right-large:1.92%;--awb-spacing-left-large:1.92%;--awb-width-medium:100%;--awb-order-medium:0;--awb-spacing-right-medium:1.92%;--awb-spacing-left-medium:1.92%;--awb-width-small:100%;--awb-order-small:0;--awb-spacing-right-small:1.92%;--awb-spacing-left-small:1.92%;\"><div class=\"fusion-column-wrapper fusion-column-has-shadow fusion-flex-justify-content-flex-start fusion-content-layout-column\"><div class=\"fusion-text fusion-text-1\"><p>Ard\u00e8che und Vallon Pont d&#8217;Arc ist ein sonnendurchflutetes Land. Tats\u00e4chlich haben wir das Gl\u00fcck, von einem <strong>mediterranen Klima<\/strong> mit langen Sonnenperioden und sehr milden Temperaturen zu profitieren.<\/p>\n<p>Die Cevennen-Regenf\u00e4lle im Herbst und die wenigen St\u00fcrme im Fr\u00fchjahr garantieren uns Wasser in ausreichender Qualit\u00e4t und Menge f\u00fcr Wassersportaktivit\u00e4ten und <strong>den legend\u00e4ren Abstieg der Gorges de l&#8217;Ard\u00e8che<\/strong>.<\/p>\n<\/div><\/div><\/div><div class=\"fusion-layout-column fusion_builder_column fusion-builder-column-1 fusion_builder_column_1_1 1_1 fusion-flex-column\" style=\"--awb-padding-bottom:30px;--awb-bg-size:cover;--awb-width-large:100%;--awb-spacing-right-large:1.92%;--awb-spacing-left-large:1.92%;--awb-width-medium:100%;--awb-order-medium:0;--awb-spacing-right-medium:1.92%;--awb-spacing-left-medium:1.92%;--awb-width-small:100%;--awb-order-small:0;--awb-spacing-right-small:1.92%;--awb-spacing-left-small:1.92%;\"><div class=\"fusion-column-wrapper fusion-column-has-shadow fusion-flex-justify-content-flex-start fusion-content-layout-column\"><div class=\"fusion-image-element \" style=\"text-align:center;\"><span class=\" fusion-imageframe imageframe-none imageframe-1 hover-type-none\"><a href=\"https:\/\/www.canoe-ardeche.com\/wp-content\/uploads\/gorges-de-l-ardeche.jpg\" class=\"fusion-lightbox\" data-rel=\"iLightbox[6cf0651b88fb629fdcf]\" data-title=\"Les Gorges de l&#8217;Ard\u00e8che\" title=\"Les Gorges de l&#8217;Ard\u00e8che\"><img decoding=\"async\" width=\"1200\" height=\"360\" src=\"https:\/\/www.canoe-ardeche.com\/wp-content\/uploads\/gorges-de-l-ardeche.jpg\" data-orig-src=\"https:\/\/www.canoe-ardeche.com\/wp-content\/uploads\/gorges-de-l-ardeche-1200x360.jpg\" alt class=\"lazyload img-responsive wp-image-3974\" srcset=\"data:image\/svg+xml,%3Csvg%20xmlns%3D%27http%3A%2F%2Fwww.w3.org%2F2000%2Fsvg%27%20width%3D%271600%27%20height%3D%27480%27%20viewBox%3D%270%200%201600%20480%27%3E%3Crect%20width%3D%271600%27%20height%3D%27480%27%20fill-opacity%3D%220%22%2F%3E%3C%2Fsvg%3E\" data-srcset=\"https:\/\/www.canoe-ardeche.com\/wp-content\/uploads\/gorges-de-l-ardeche-200x60.jpg 200w, https:\/\/www.canoe-ardeche.com\/wp-content\/uploads\/gorges-de-l-ardeche-400x120.jpg 400w, https:\/\/www.canoe-ardeche.com\/wp-content\/uploads\/gorges-de-l-ardeche-600x180.jpg 600w, https:\/\/www.canoe-ardeche.com\/wp-content\/uploads\/gorges-de-l-ardeche-800x240.jpg 800w, https:\/\/www.canoe-ardeche.com\/wp-content\/uploads\/gorges-de-l-ardeche-1200x360.jpg 1200w, https:\/\/www.canoe-ardeche.com\/wp-content\/uploads\/gorges-de-l-ardeche.jpg 1600w\" data-sizes=\"auto\" data-orig-sizes=\"(max-width: 1024px) 100vw, (max-width: 640px) 100vw, 1200px\" \/><\/a><\/span><\/div><\/div><\/div><div class=\"fusion-layout-column fusion_builder_column fusion-builder-column-2 fusion_builder_column_1_2 1_2 fusion-flex-column\" style=\"--awb-bg-size:cover;--awb-width-large:50%;--awb-spacing-right-large:3.84%;--awb-spacing-left-large:3.84%;--awb-width-medium:100%;--awb-order-medium:0;--awb-spacing-right-medium:1.92%;--awb-spacing-left-medium:1.92%;--awb-width-small:100%;--awb-order-small:0;--awb-spacing-right-small:1.92%;--awb-spacing-left-small:1.92%;\"><div class=\"fusion-column-wrapper fusion-column-has-shadow fusion-flex-justify-content-flex-start fusion-content-layout-column\"><div class=\"fusion-text fusion-text-2\"><p><strong>Der Fr\u00fchling ist die ideale Zeit<\/strong>, um die langen Sonnentage zu genie\u00dfen und in den noch k\u00fchlen Gew\u00e4ssern der Ard\u00e8che spazieren zu gehen. Aber seien Sie versichert: Ab Anfang Mai liegt die Wassertemperatur bei 20 \u00b0C oder \u00fcbersteigt sie sogar.<\/p>\n<p>Wer es etwas vorsichtiger mag, dem stellen wir kostenlos Neoprenanz\u00fcge zur Verf\u00fcgung.<\/p>\n<p>Mit fortschreitender Saison wird die Ard\u00e8che ruhiger, die Au\u00dfentemperaturen \u00fcberschreiten regelm\u00e4\u00dfig 30 \u00b0C, w\u00e4hrend das Wasser im Fluss etwa 26 \u00b0C betr\u00e4gt.<\/p>\n<\/div><\/div><\/div><div class=\"fusion-layout-column fusion_builder_column fusion-builder-column-3 fusion_builder_column_1_2 1_2 fusion-flex-column\" style=\"--awb-bg-size:cover;--awb-width-large:50%;--awb-spacing-right-large:3.84%;--awb-spacing-left-large:3.84%;--awb-width-medium:100%;--awb-order-medium:0;--awb-spacing-right-medium:1.92%;--awb-spacing-left-medium:1.92%;--awb-width-small:100%;--awb-order-small:0;--awb-spacing-right-small:1.92%;--awb-spacing-left-small:1.92%;\"><div class=\"fusion-column-wrapper fusion-column-has-shadow fusion-flex-justify-content-flex-start fusion-content-layout-column\"><div class=\"fusion-text fusion-text-3\"><p>Diese Bedingungen sind ideal f\u00fcr Bade- und Entspannungspausen an den sch\u00f6nsten Str\u00e4nden der Gorges de l\u2019Ard\u00e8che.<\/p>\n<p><strong>Im September kehrt Ruhe in Vallon Pont d&#8217;Arc ein<\/strong>, die Temperaturen bleiben mild und die Bedingungen sind optimal zum Kanufahren. Es liegt an Ihnen, die Ard\u00e8che in aller Ruhe mit dem Kanu zu entdecken.<\/p>\n<p>F\u00fcr Abenteuerlustige sind September oder Oktober auch gleichbedeutend mit den ersten \u00dcberschwemmungen der Saison, dann wird die Ard\u00e8che st\u00fcrmischer und es erwarten Sie starke Sensationen.<\/p>\n<\/div><\/div><\/div><div class=\"fusion-layout-column fusion_builder_column fusion-builder-column-4 fusion_builder_column_1_1 1_1 fusion-flex-column\" style=\"--awb-bg-size:cover;--awb-width-large:100%;--awb-spacing-right-large:1.92%;--awb-spacing-left-large:1.92%;--awb-width-medium:100%;--awb-order-medium:0;--awb-spacing-right-medium:1.92%;--awb-spacing-left-medium:1.92%;--awb-width-small:100%;--awb-order-small:0;--awb-spacing-right-small:1.92%;--awb-spacing-left-small:1.92%;\"><div class=\"fusion-column-wrapper fusion-column-has-shadow fusion-flex-justify-content-flex-start fusion-content-layout-column\"><div class=\"fusion-text fusion-text-4\"><p style=\"text-align: center;\"><strong>Egal zu welcher Jahreszeit, es gibt immer einen guten Grund, zum Kanufahren in der Ard\u00e8che an der Base Nautique du Pont d\u2019Arc vorbeizukommen.<\/strong><\/p>\n<\/div><div ><a class=\"fusion-button button-flat fusion-button-default-size button-default fusion-button-default button-1 fusion-button-default-span fusion-button-default-type\" target=\"_self\" href=\"https:\/\/www.canoe-ardeche.com\/de\/online-buchung\/\"><span class=\"fusion-button-text\">Ich buche meine Kanutour! <\/span><\/a><\/div><\/div><\/div><\/div><\/div>\n","protected":false},"excerpt":{"rendered":"","protected":false},"author":1,"featured_media":3344,"comment_status":"closed","ping_status":"closed","sticky":false,"template":"","format":"standard","meta":{"footnotes":""},"categories":[50],"tags":[],"class_list":["post-3383","post","type-post","status-publish","format-standard","has-post-thumbnail","hentry","category-blog-de"],"_links":{"self":[{"href":"https:\/\/www.canoe-ardeche.com\/de\/wp-json\/wp\/v2\/posts\/3383","targetHints":{"allow":["GET"]}}],"collection":[{"href":"https:\/\/www.canoe-ardeche.com\/de\/wp-json\/wp\/v2\/posts"}],"about":[{"href":"https:\/\/www.canoe-ardeche.com\/de\/wp-json\/wp\/v2\/types\/post"}],"author":[{"embeddable":true,"href":"https:\/\/www.canoe-ardeche.com\/de\/wp-json\/wp\/v2\/users\/1"}],"replies":[{"embeddable":true,"href":"https:\/\/www.canoe-ardeche.com\/de\/wp-json\/wp\/v2\/comments?post=3383"}],"version-history":[{"count":2,"href":"https:\/\/www.canoe-ardeche.com\/de\/wp-json\/wp\/v2\/posts\/3383\/revisions"}],"predecessor-version":[{"id":3678,"href":"https:\/\/www.canoe-ardeche.com\/de\/wp-json\/wp\/v2\/posts\/3383\/revisions\/3678"}],"wp:featuredmedia":[{"embeddable":true,"href":"https:\/\/www.canoe-ardeche.com\/de\/wp-json\/wp\/v2\/media\/3344"}],"wp:attachment":[{"href":"https:\/\/www.canoe-ardeche.com\/de\/wp-json\/wp\/v2\/media?parent=3383"}],"wp:term":[{"taxonomy":"category","embeddable":true,"href":"https:\/\/www.canoe-ardeche.com\/de\/wp-json\/wp\/v2\/categories?post=3383"},{"taxonomy":"post_tag","embeddable":true,"href":"https:\/\/www.canoe-ardeche.com\/de\/wp-json\/wp\/v2\/tags?post=3383"}],"curies":[{"name":"wp","href":"https:\/\/api.w.org\/{rel}","templated":true}]}}